
{"id":1346,"date":"2009-11-21T10:02:04","date_gmt":"2009-11-21T09:02:04","guid":{"rendered":"http:\/\/bibellesen.jule-pape.de\/?p=1346"},"modified":"2009-11-24T10:03:42","modified_gmt":"2009-11-24T09:03:42","slug":"apostelgeschichte-1812-1910","status":"publish","type":"post","link":"http:\/\/bibellesen.jule-pape.de\/?p=1346","title":{"rendered":"Apostelgeschichte 18:12 &#8211; 19:10"},"content":{"rendered":"<h3>Kapitel 18<\/h3>\n<p>12\u00a0Als nun G\u1ea1llio Prokonsul von Ach\u1ea1ia war, erhoben sich die Juden einm\u00fctig gegen Paulus und f\u00fchrten ihn vor den Richterstuhl 13\u00a0und sagten: \u201eIm Widerspruch zum Gesetz f\u00fchrt dieser die Menschen zu einer anderen \u00dcberzeugung in der Gottesanbetung.\u201c 14\u00a0Als aber Paulus gerade den Mund \u00f6ffnen wollte, sagte G\u1ea1llio zu den Juden: \u201eWenn tats\u00e4chlich irgendein Unrecht oder ein boshafter Schurkenstreich\u00a0vorl\u00e4ge, ihr Juden, so w\u00fcrde ich euch mit Grund geduldig ertragen. 15\u00a0Wenn es sich aber um Streitfragen \u00fcber Worte und Namen und das Gesetz unter euch handelt, so m\u00fc\u00dft ihr selbst zusehen. Ich w\u00fcnsche nicht, Richter dieser Dinge zu sein.\u201c 16\u00a0Damit trieb er sie vom Richterstuhl weg. 17\u00a0Da ergriffen sie alle den Synagogenvorsteher S\u1ecdsthenes und begannen ihn vor dem Richterstuhl zu schlagen. G\u1ea1llio aber k\u00fcmmerte sich gar nicht um diese Dinge.<\/p>\n<p>18\u00a0Nachdem sich aber Paulus noch ziemlich viele Tage dort aufgehalten hatte, sagte er den Br\u00fcdern Lebewohl und schiffte sich nach Syrien ein und mit ihm Prisc\u1ecblla und \u1ea0quila, da er sich in Kenchr\u1eb9\u00e4 das Haupthaar hatte kurz schneiden lassen, denn er hatte ein Gel\u00fcbde. 19\u00a0So kamen sie in \u1eb8phesus an, und er lie\u00df sie dort zur\u00fcck; er selbst aber ging in die Synagoge und unterredete sich mit den Juden. 20\u00a0Obwohl sie ihn wiederholt baten, l\u00e4ngere Zeit dazubleiben, willigte er nicht ein, 21\u00a0sondern sagte Lebewohl und sprach zu ihnen: \u201eWenn Jehova will, werde ich wieder zu euch zur\u00fcckkehren.\u201c Und er stach von \u1eb8phesus in See 22\u00a0und kam nach C\u00e4sar\u1eb9a hinab. Und er ging hinauf und begr\u00fc\u00dfte die Versammlung und ging nach Anti\u1ecdchia hinab.<\/p>\n<p>23\u00a0Und als er einige Zeit dort zugebracht hatte, brach er auf und ging von Ort zu Ort durch das Land Gal\u1ea1tien und Phr\u1ef5gien und st\u00e4rkte alle J\u00fcnger.<\/p>\n<p>24\u00a0Nun traf ein gewisser Jude namens Ap\u1ecdllos, von Alex\u1ea1ndria geb\u00fcrtig, ein beredter Mann, in \u1eb8phesus ein; und er war in den Schriften gut bewandert. 25\u00a0Dieser [Mann] war \u00fcber den Weg Jehovas m\u00fcndlich unterwiesen worden, und gl\u00fchend im Geist, ging er daran, die Dinge \u00fcber Jesus auf richtige Weise zu reden und zu lehren, doch war ihm nur die Taufe des Joh\u1ea1nnes bekannt. 26\u00a0Und dieser [Mann] fing an, in der Synagoge freim\u00fctig zu reden. Als Prisc\u1ecblla und \u1ea0quila ihn h\u00f6rten, nahmen sie ihn zu sich und erkl\u00e4rten ihm den Weg Gottes noch genauer. 27\u00a0Da er ferner nach Ach\u1ea1ia hin\u00fcbergehen wollte, schrieben die Br\u00fcder den J\u00fcngern und ermahnten sie, ihn freundlich aufzunehmen. Als er nun dorthin kam, leistete er denen, die durch [Gottes] unverdiente G\u00fcte gl\u00e4ubig geworden waren, gro\u00dfe Hilfe; 28\u00a0denn eindringlich und gr\u00fcndlich bewies er \u00f6ffentlich, da\u00df die Juden im Unrecht waren, indem er anhand der Schriften zeigte, da\u00df Jesus der Christus sei.<\/p>\n<h3>Kapitel 19<\/h3>\n<p>Im Laufe der Ereignisse zog Paulus, w\u00e4hrend sich Ap\u1ecdllos in Korinth befand, durch das Landesinnere und kam nach \u1eb8phesus hinab und fand einige J\u00fcnger vor; 2\u00a0und er sprach zu ihnen: \u201eHabt ihr heiligen Geist empfangen, als ihr gl\u00e4ubig wurdet?\u201c Sie sagten zu ihm: \u201eNun, wir haben nicht einmal geh\u00f6rt, da\u00df es heiligen Geist gibt.\u201c 3\u00a0Da sagte er: \u201eIn was seid ihr denn getauft worden?\u201c Sie sprachen: \u201eIn die Taufe des Joh\u1ea1nnes.\u201c 4\u00a0Paulus sagte: \u201eJoh\u1ea1nnes taufte mit der Taufe [als Symbol] der Reue, indem er dem Volk sagte, da\u00df sie an den glauben sollten, der nach ihm komme, das hei\u00dft an Jesus.\u201c 5\u00a0Als sie das geh\u00f6rt hatten, wurden sie im Namen des Herrn Jesus getauft. 6\u00a0Und als Paulus ihnen die H\u00e4nde aufgelegt hatte, kam der heilige Geist \u00fcber sie, und sie begannen in Zungen zu reden und zu prophezeien. 7\u00a0Insgesamt waren es etwa zw\u00f6lf M\u00e4nner.<\/p>\n<p>8\u00a0Er ging in die Synagoge und sprach mit Freimut drei Monate hindurch, indem er Ansprachen hielt und mit \u00dcberzeugung vom K\u00f6nigreich Gottes redete. 9\u00a0Als sich aber einige verh\u00e4rteten und nicht glaubten und vor der Menge nachteilig vom WEG redeten, zog er sich von ihnen zur\u00fcck und sonderte die J\u00fcnger von ihnen ab und hielt in [dem H\u00f6rsaal] der Schule des Tyr\u1ea1nnus t\u00e4glich Ansprachen. 10\u00a0Das geschah zwei Jahre lang, so da\u00df alle, die in dem [Bezirk] Asien wohnten, sowohl Juden als auch Griechen, das Wort des Herrn h\u00f6rten.<\/p>\n","protected":false},"excerpt":{"rendered":"<p>Kapitel 18 12\u00a0Als nun G\u1ea1llio Prokonsul von Ach\u1ea1ia war, erhoben sich die Juden einm\u00fctig gegen Paulus und f\u00fchrten ihn vor den Richterstuhl 13\u00a0und sagten: \u201eIm Widerspruch zum Gesetz f\u00fchrt dieser die Menschen zu einer anderen \u00dcberzeugung in der Gottesanbetung.\u201c 14\u00a0Als aber Paulus gerade den Mund \u00f6ffnen wollte, sagte G\u1ea1llio zu den Juden: \u201eWenn tats\u00e4chlich irgendein [&hellip;]<\/p>\n","protected":false},"author":2,"featured_media":0,"comment_status":"open","ping_status":"open","sticky":false,"template":"","format":"standard","meta":{"footnotes":""},"categories":[480,2],"tags":[],"class_list":["post-1346","post","type-post","status-publish","format-standard","hentry","category-apostelgeschichte","category-text-in-der-bibel"],"_links":{"self":[{"href":"http:\/\/bibellesen.jule-pape.de\/index.php?rest_route=\/wp\/v2\/posts\/1346","targetHints":{"allow":["GET"]}}],"collection":[{"href":"http:\/\/bibellesen.jule-pape.de\/index.php?rest_route=\/wp\/v2\/posts"}],"about":[{"href":"http:\/\/bibellesen.jule-pape.de\/index.php?rest_route=\/wp\/v2\/types\/post"}],"author":[{"embeddable":true,"href":"http:\/\/bibellesen.jule-pape.de\/index.php?rest_route=\/wp\/v2\/users\/2"}],"replies":[{"embeddable":true,"href":"http:\/\/bibellesen.jule-pape.de\/index.php?rest_route=%2Fwp%2Fv2%2Fcomments&post=1346"}],"version-history":[{"count":1,"href":"http:\/\/bibellesen.jule-pape.de\/index.php?rest_route=\/wp\/v2\/posts\/1346\/revisions"}],"predecessor-version":[{"id":1347,"href":"http:\/\/bibellesen.jule-pape.de\/index.php?rest_route=\/wp\/v2\/posts\/1346\/revisions\/1347"}],"wp:attachment":[{"href":"http:\/\/bibellesen.jule-pape.de\/index.php?rest_route=%2Fwp%2Fv2%2Fmedia&parent=1346"}],"wp:term":[{"taxonomy":"category","embeddable":true,"href":"http:\/\/bibellesen.jule-pape.de\/index.php?rest_route=%2Fwp%2Fv2%2Fcategories&post=1346"},{"taxonomy":"post_tag","embeddable":true,"href":"http:\/\/bibellesen.jule-pape.de\/index.php?rest_route=%2Fwp%2Fv2%2Ftags&post=1346"}],"curies":[{"name":"wp","href":"https:\/\/api.w.org\/{rel}","templated":true}]}}